{"id":4675,"date":"2026-03-11T12:30:23","date_gmt":"2026-03-11T11:30:23","guid":{"rendered":"https:\/\/ecolestmichel-laremaudiere.fr\/?p=4675"},"modified":"2026-03-11T12:30:23","modified_gmt":"2026-03-11T11:30:23","slug":"lancement-des-defis-ma-petite-planete","status":"publish","type":"post","link":"https:\/\/ecolestmichel-laremaudiere.fr\/?p=4675","title":{"rendered":"Lancement des d\u00e9fis \u00ab\u00a0Ma Petite Plan\u00e8te\u00a0\u00bb"},"content":{"rendered":"<div>&#x1f30d; C&rsquo;est parti pour \u00ab\u00a0Ma Petite Plan\u00e8te\u00a0\u00bb !<\/div>\n<div>&nbsp;<\/div>\n<div>Lundi, l&rsquo;ensemble des classes de l&rsquo;\u00e9cole Saint Michel a d\u00e9but\u00e9 le challenge \u00ab\u00a0Ma petite plan\u00e8te\u00a0\u00bb (MPP) !<\/div>\n<div>&nbsp;<\/div>\n<div>La classe des CE1-CE2 a v\u00e9cu un moment tr\u00e8s sp\u00e9cial : ils ont particip\u00e9 \u00e0 un webinaire de lancement du challenge, en compagnie de deux membres de l&rsquo;association !<\/div>\n<div>&nbsp;<\/div>\n<div>Au programme de cette visioconf\u00e9rence pleine de vie : ils ont \u00e9cout\u00e9 la chanson \u00ab Ma petite petite plan\u00e8te \u00bb de Julia, \u00e9chang\u00e9 sur l&rsquo;importance de pr\u00e9server l&rsquo;environnement et d\u00e9couvert un livre plein de bons conseils pour prendre soin de notre plan\u00e8te au quotidien \u2014 couper l&rsquo;eau quand on se savonne sous la douche, trier ses d\u00e9chets dans les bonnes poubelles\u2026 des gestes simples mais qui font toute la diff\u00e9rence !<\/div>\n<div>&nbsp;<\/div>\n<div>&#x1f3af; Le challenge, c&rsquo;est quoi ?<\/div>\n<div>Pendant 3 semaines, les \u00e9l\u00e8ves de l&rsquo;\u00e9cole Saint Michel vont relever des d\u00e9fis \u00e9cologiques dans plusieurs grandes cat\u00e9gories :<\/div>\n<div>&#x1f33f; Biodiversit\u00e9 \u00b7 &#x1f955; Alimentation \u00b7 &#x1f3a8; Cr\u00e9ation \u00b7 &#x1f6b2; Mobilit\u00e9 \u00b7 &#x267b;&#xfe0f; Et bien d&rsquo;autres !<\/div>\n<div>Les d\u00e9fis peuvent \u00eatre r\u00e9alis\u00e9s en classe\u2026 mais aussi \u00e0 la maison \u2014 toute la famille peut participer ! L&rsquo;objectif : remporter le plus de points possible et grimper au classement.<\/div>\n<div>&nbsp;<\/div>\n<div>&#x1f30f; Une comp\u00e9tition\u2026 mondiale !<\/div>\n<div>L&rsquo;\u00e9cole Saint Michel n&rsquo;est pas seule dans l&rsquo;aventure ! Nous sommes aussi en comp\u00e9tition avec des classes partout en France et dans le monde entier. Lors du webinaire, nous avons m\u00eame aper\u00e7u des classes participantes en Australie, au Maroc et en Tha\u00eflande !<\/div>\n<div>&nbsp;<\/div>\n<div>MPP, c&rsquo;est bien plus qu&rsquo;un jeu : c&rsquo;est une belle fa\u00e7on de souder les \u00e9l\u00e8ves autour d&rsquo;un objectif commun et de comprendre le lien qui nous unit \u00e0 la nature.<\/div>\n<div>&nbsp;<\/div>\n<div>Alors, pr\u00eats \u00e0 relever les d\u00e9fis ? La Plan\u00e8te compte sur nous !<\/div>\n<div><a href=\"https:\/\/ecolestmichel-laremaudiere.fr\/wp-content\/uploads\/2026\/03\/Logo-MPP.png\"><img loading=\"lazy\" decoding=\"async\" class=\"aligncenter size-full wp-image-4677\" src=\"https:\/\/ecolestmichel-laremaudiere.fr\/wp-content\/uploads\/2026\/03\/Logo-MPP.png\" alt=\"\" width=\"227\" height=\"222\"><\/a><\/div>\n","protected":false},"excerpt":{"rendered":"<p>&#x1f30d; C&rsquo;est parti pour \u00ab\u00a0Ma Petite Plan\u00e8te\u00a0\u00bb ! &nbsp; Lundi, l&rsquo;ensemble des classes de l&rsquo;\u00e9cole Saint Michel a d\u00e9but\u00e9 le challenge \u00ab\u00a0Ma petite plan\u00e8te\u00a0\u00bb (MPP) ! &nbsp; La classe des CE1-CE2 a v\u00e9cu un moment tr\u00e8s sp\u00e9cial : ils ont particip\u00e9 \u00e0 un webinaire de lancement du challenge, en compagnie de deux membres de l&rsquo;association&hellip; <br \/> <a class=\"read-more\" href=\"https:\/\/ecolestmichel-laremaudiere.fr\/?p=4675\">Lire la suite<\/a><\/p>\n","protected":false},"author":2,"featured_media":4676,"comment_status":"closed","ping_status":"closed","sticky":false,"template":"","format":"standard","meta":{"ngg_post_thumbnail":0,"footnotes":""},"categories":[1],"tags":[],"class_list":["post-4675","post","type-post","status-publish","format-standard","has-post-thumbnail","hentry","category-non-classe"],"_links":{"self":[{"href":"https:\/\/ecolestmichel-laremaudiere.fr\/index.php?rest_route=\/wp\/v2\/posts\/4675","targetHints":{"allow":["GET"]}}],"collection":[{"href":"https:\/\/ecolestmichel-laremaudiere.fr\/index.php?rest_route=\/wp\/v2\/posts"}],"about":[{"href":"https:\/\/ecolestmichel-laremaudiere.fr\/index.php?rest_route=\/wp\/v2\/types\/post"}],"author":[{"embeddable":true,"href":"https:\/\/ecolestmichel-laremaudiere.fr\/index.php?rest_route=\/wp\/v2\/users\/2"}],"replies":[{"embeddable":true,"href":"https:\/\/ecolestmichel-laremaudiere.fr\/index.php?rest_route=%2Fwp%2Fv2%2Fcomments&post=4675"}],"version-history":[{"count":2,"href":"https:\/\/ecolestmichel-laremaudiere.fr\/index.php?rest_route=\/wp\/v2\/posts\/4675\/revisions"}],"predecessor-version":[{"id":4679,"href":"https:\/\/ecolestmichel-laremaudiere.fr\/index.php?rest_route=\/wp\/v2\/posts\/4675\/revisions\/4679"}],"wp:featuredmedia":[{"embeddable":true,"href":"https:\/\/ecolestmichel-laremaudiere.fr\/index.php?rest_route=\/wp\/v2\/media\/4676"}],"wp:attachment":[{"href":"https:\/\/ecolestmichel-laremaudiere.fr\/index.php?rest_route=%2Fwp%2Fv2%2Fmedia&parent=4675"}],"wp:term":[{"taxonomy":"category","embeddable":true,"href":"https:\/\/ecolestmichel-laremaudiere.fr\/index.php?rest_route=%2Fwp%2Fv2%2Fcategories&post=4675"},{"taxonomy":"post_tag","embeddable":true,"href":"https:\/\/ecolestmichel-laremaudiere.fr\/index.php?rest_route=%2Fwp%2Fv2%2Ftags&post=4675"}],"curies":[{"name":"wp","href":"https:\/\/api.w.org\/{rel}","templated":true}]}}