{"id":4626,"date":"2025-11-19T14:50:45","date_gmt":"2025-11-19T13:50:45","guid":{"rendered":"https:\/\/ecolestmichel-laremaudiere.fr\/?p=4626"},"modified":"2025-11-19T14:51:19","modified_gmt":"2025-11-19T13:51:19","slug":"sortie-des-cp-ce1-ce2-au-cinema","status":"publish","type":"post","link":"https:\/\/ecolestmichel-laremaudiere.fr\/?p=4626","title":{"rendered":"Sortie des CP-CE1-CE2 au cin\u00e9ma"},"content":{"rendered":"<div><i>Vendredi 14 octobre, les classes de CP-CE1 et CE1-CE2 sont all\u00e9es au cin\u00e9ma de Vallet dans le cadre du dispositif \u00ab\u00a0Cin\u00e9cole\u00a0\u00bb.&nbsp;<\/i><\/div>\n<div>\n<p><a href=\"https:\/\/ecolestmichel-laremaudiere.fr\/wp-content\/uploads\/2025\/11\/709cb54b-458f-44ae-a415-4e7f717051be.jpg\"><img loading=\"lazy\" decoding=\"async\" class=\"aligncenter size-medium wp-image-4628\" src=\"https:\/\/ecolestmichel-laremaudiere.fr\/wp-content\/uploads\/2025\/11\/709cb54b-458f-44ae-a415-4e7f717051be-300x225.jpg\" alt=\"\" width=\"300\" height=\"225\" srcset=\"https:\/\/ecolestmichel-laremaudiere.fr\/wp-content\/uploads\/2025\/11\/709cb54b-458f-44ae-a415-4e7f717051be-300x225.jpg 300w, https:\/\/ecolestmichel-laremaudiere.fr\/wp-content\/uploads\/2025\/11\/709cb54b-458f-44ae-a415-4e7f717051be-1024x769.jpg 1024w, https:\/\/ecolestmichel-laremaudiere.fr\/wp-content\/uploads\/2025\/11\/709cb54b-458f-44ae-a415-4e7f717051be-768x576.jpg 768w, https:\/\/ecolestmichel-laremaudiere.fr\/wp-content\/uploads\/2025\/11\/709cb54b-458f-44ae-a415-4e7f717051be-1536x1153.jpg 1536w, https:\/\/ecolestmichel-laremaudiere.fr\/wp-content\/uploads\/2025\/11\/709cb54b-458f-44ae-a415-4e7f717051be-1439x1080.jpg 1439w, https:\/\/ecolestmichel-laremaudiere.fr\/wp-content\/uploads\/2025\/11\/709cb54b-458f-44ae-a415-4e7f717051be.jpg 2048w\" sizes=\"auto, (max-width: 300px) 100vw, 300px\" \/><\/a><\/p>\n<div><i>Cette op\u00e9ration permet de se familiariser d\u00e8s le plus jeune \u00e2ge avec le cin\u00e9ma. Au cours de l\u2019ann\u00e9e scolaire, chaque trimestre, un film par niveau (3 niveaux de la maternelle au CM2) est propos\u00e9 aux enfants. Sur chacun des 3 trimestres, plus de 50 000 enfants participent au dispositif. Cette ann\u00e9e, les classes de cycle 2 et cycle 3 participent \u00e0 cette op\u00e9ration.<\/i><\/div>\n<div><i>Apr\u00e8s un trajet en car, les enfants ont ainsi pu d\u00e9couvrir le premier film de l&rsquo;ann\u00e9e : \u00ab\u00a0Dounia, le grand pays blanc\u00a0\u00bb.&nbsp;<\/i><\/div>\n<div>\n<div id=\"attachment_4629\" style=\"width: 310px\" class=\"wp-caption aligncenter\"><a href=\"https:\/\/ecolestmichel-laremaudiere.fr\/wp-content\/uploads\/2025\/11\/Design-sans-titre-3.jpg\"><img loading=\"lazy\" decoding=\"async\" aria-describedby=\"caption-attachment-4629\" class=\"size-medium wp-image-4629\" src=\"https:\/\/ecolestmichel-laremaudiere.fr\/wp-content\/uploads\/2025\/11\/Design-sans-titre-3-300x228.jpg\" alt=\"\" width=\"300\" height=\"228\" srcset=\"https:\/\/ecolestmichel-laremaudiere.fr\/wp-content\/uploads\/2025\/11\/Design-sans-titre-3-300x228.jpg 300w, https:\/\/ecolestmichel-laremaudiere.fr\/wp-content\/uploads\/2025\/11\/Design-sans-titre-3-1024x778.jpg 1024w, https:\/\/ecolestmichel-laremaudiere.fr\/wp-content\/uploads\/2025\/11\/Design-sans-titre-3-768x584.jpg 768w, https:\/\/ecolestmichel-laremaudiere.fr\/wp-content\/uploads\/2025\/11\/Design-sans-titre-3-1536x1167.jpg 1536w, https:\/\/ecolestmichel-laremaudiere.fr\/wp-content\/uploads\/2025\/11\/Design-sans-titre-3-1421x1080.jpg 1421w, https:\/\/ecolestmichel-laremaudiere.fr\/wp-content\/uploads\/2025\/11\/Design-sans-titre-3.jpg 2011w\" sizes=\"auto, (max-width: 300px) 100vw, 300px\" \/><\/a><p id=\"caption-attachment-4629\" class=\"wp-caption-text\">Design sans titre &#8211; 1<\/p><\/div>\n<\/div>\n<div><i>Ce film d&rsquo;animation a permis aux deux classes de cycle 2 de prolonger leur projet de classe sur \u00ab&nbsp;Le tour du monde&nbsp;\u00bb, en voyageant de l&rsquo;autre c\u00f4t\u00e9 de l&rsquo;Atlantique avec la d\u00e9couverte du Canada. Les \u00e9l\u00e8ves ont ainsi pu d\u00e9couvrir la vie en hiver au Canada et \u00e9couter un accent diff\u00e9rent du n\u00f4tre.&nbsp;<\/i><\/div>\n<div><i>Cette premi\u00e8re sortie cin\u00e9ma de l\u2019ann\u00e9e semble avoir \u00e9t\u00e9 appr\u00e9ci\u00e9e ! Vivement le prochain film \u2026<\/i><\/div>\n<div><a href=\"https:\/\/ecolestmichel-laremaudiere.fr\/wp-content\/uploads\/2025\/11\/ca9fa692-bec0-41bd-bd58-fd46a169e851.jpg\"><img loading=\"lazy\" decoding=\"async\" class=\"aligncenter size-medium wp-image-4627\" src=\"https:\/\/ecolestmichel-laremaudiere.fr\/wp-content\/uploads\/2025\/11\/ca9fa692-bec0-41bd-bd58-fd46a169e851-300x225.jpg\" alt=\"\" width=\"300\" height=\"225\" srcset=\"https:\/\/ecolestmichel-laremaudiere.fr\/wp-content\/uploads\/2025\/11\/ca9fa692-bec0-41bd-bd58-fd46a169e851-300x225.jpg 300w, https:\/\/ecolestmichel-laremaudiere.fr\/wp-content\/uploads\/2025\/11\/ca9fa692-bec0-41bd-bd58-fd46a169e851-1024x769.jpg 1024w, https:\/\/ecolestmichel-laremaudiere.fr\/wp-content\/uploads\/2025\/11\/ca9fa692-bec0-41bd-bd58-fd46a169e851-768x576.jpg 768w, https:\/\/ecolestmichel-laremaudiere.fr\/wp-content\/uploads\/2025\/11\/ca9fa692-bec0-41bd-bd58-fd46a169e851-1536x1153.jpg 1536w, https:\/\/ecolestmichel-laremaudiere.fr\/wp-content\/uploads\/2025\/11\/ca9fa692-bec0-41bd-bd58-fd46a169e851-1439x1080.jpg 1439w, https:\/\/ecolestmichel-laremaudiere.fr\/wp-content\/uploads\/2025\/11\/ca9fa692-bec0-41bd-bd58-fd46a169e851.jpg 2048w\" sizes=\"auto, (max-width: 300px) 100vw, 300px\" \/><\/a><\/div>\n<\/div>\n","protected":false},"excerpt":{"rendered":"<p>Vendredi 14 octobre, les classes de CP-CE1 et CE1-CE2 sont all\u00e9es au cin\u00e9ma de Vallet dans le cadre du dispositif \u00ab\u00a0Cin\u00e9cole\u00a0\u00bb.&nbsp; Cette op\u00e9ration permet de se familiariser d\u00e8s le plus jeune \u00e2ge avec le cin\u00e9ma. Au cours de l\u2019ann\u00e9e scolaire, chaque trimestre, un film par niveau (3 niveaux de la maternelle au CM2) est propos\u00e9&hellip; <br \/> <a class=\"read-more\" href=\"https:\/\/ecolestmichel-laremaudiere.fr\/?p=4626\">Lire la suite<\/a><\/p>\n","protected":false},"author":2,"featured_media":4627,"comment_status":"closed","ping_status":"closed","sticky":false,"template":"","format":"standard","meta":{"ngg_post_thumbnail":0,"footnotes":""},"categories":[4],"tags":[],"class_list":["post-4626","post","type-post","status-publish","format-standard","has-post-thumbnail","hentry","category-cycle2"],"_links":{"self":[{"href":"https:\/\/ecolestmichel-laremaudiere.fr\/index.php?rest_route=\/wp\/v2\/posts\/4626","targetHints":{"allow":["GET"]}}],"collection":[{"href":"https:\/\/ecolestmichel-laremaudiere.fr\/index.php?rest_route=\/wp\/v2\/posts"}],"about":[{"href":"https:\/\/ecolestmichel-laremaudiere.fr\/index.php?rest_route=\/wp\/v2\/types\/post"}],"author":[{"embeddable":true,"href":"https:\/\/ecolestmichel-laremaudiere.fr\/index.php?rest_route=\/wp\/v2\/users\/2"}],"replies":[{"embeddable":true,"href":"https:\/\/ecolestmichel-laremaudiere.fr\/index.php?rest_route=%2Fwp%2Fv2%2Fcomments&post=4626"}],"version-history":[{"count":2,"href":"https:\/\/ecolestmichel-laremaudiere.fr\/index.php?rest_route=\/wp\/v2\/posts\/4626\/revisions"}],"predecessor-version":[{"id":4631,"href":"https:\/\/ecolestmichel-laremaudiere.fr\/index.php?rest_route=\/wp\/v2\/posts\/4626\/revisions\/4631"}],"wp:featuredmedia":[{"embeddable":true,"href":"https:\/\/ecolestmichel-laremaudiere.fr\/index.php?rest_route=\/wp\/v2\/media\/4627"}],"wp:attachment":[{"href":"https:\/\/ecolestmichel-laremaudiere.fr\/index.php?rest_route=%2Fwp%2Fv2%2Fmedia&parent=4626"}],"wp:term":[{"taxonomy":"category","embeddable":true,"href":"https:\/\/ecolestmichel-laremaudiere.fr\/index.php?rest_route=%2Fwp%2Fv2%2Fcategories&post=4626"},{"taxonomy":"post_tag","embeddable":true,"href":"https:\/\/ecolestmichel-laremaudiere.fr\/index.php?rest_route=%2Fwp%2Fv2%2Ftags&post=4626"}],"curies":[{"name":"wp","href":"https:\/\/api.w.org\/{rel}","templated":true}]}}