{"id":4299,"date":"2024-12-20T18:25:06","date_gmt":"2024-12-20T17:25:06","guid":{"rendered":"https:\/\/ecolestmichel-laremaudiere.fr\/?p=4299"},"modified":"2025-01-10T14:38:01","modified_gmt":"2025-01-10T13:38:01","slug":"celebration-de-noel-3","status":"publish","type":"post","link":"https:\/\/ecolestmichel-laremaudiere.fr\/?p=4299","title":{"rendered":"C\u00e9l\u00e9bration de No\u00ebl"},"content":{"rendered":"\r\n<p><a href=\"https:\/\/ecolestmichel-laremaudiere.fr\/wp-content\/uploads\/2025\/01\/1000015208-1.jpg\"><img loading=\"lazy\" decoding=\"async\" class=\"aligncenter size-large wp-image-4294\" src=\"https:\/\/ecolestmichel-laremaudiere.fr\/wp-content\/uploads\/2025\/01\/1000015208-1-771x1024.jpg\" alt=\"\" width=\"474\" height=\"630\" srcset=\"https:\/\/ecolestmichel-laremaudiere.fr\/wp-content\/uploads\/2025\/01\/1000015208-1-771x1024.jpg 771w, https:\/\/ecolestmichel-laremaudiere.fr\/wp-content\/uploads\/2025\/01\/1000015208-1-226x300.jpg 226w, https:\/\/ecolestmichel-laremaudiere.fr\/wp-content\/uploads\/2025\/01\/1000015208-1-768x1021.jpg 768w, https:\/\/ecolestmichel-laremaudiere.fr\/wp-content\/uploads\/2025\/01\/1000015208-1-1156x1536.jpg 1156w, https:\/\/ecolestmichel-laremaudiere.fr\/wp-content\/uploads\/2025\/01\/1000015208-1.jpg 1204w\" sizes=\"auto, (max-width: 474px) 100vw, 474px\" \/><\/a><\/p>\r\n<p>Vendredi 20 d\u00e9cembre toute l\u2019\u00e9cole s\u2019est r\u00e9unie \u00e0 l\u2019\u00e9glise pour c\u00e9l\u00e9brer No\u00ebl avec le p\u00e8re Suijes et les familles.&nbsp;<\/p>\r\n<p><!--more--><\/p>\r\n<p>Les \u00e9l\u00e8ves ont chant\u00e9 plusieurs fois le chant \u00ab\u00a0C&rsquo;est No\u00ebl ce soir\u00a0\u00bb appris en classe.<\/p>\r\n\r\n\r\n\r\n<p>Les enfants de la cat\u00e9ch\u00e8se ont pr\u00e9par\u00e9 la lecture d\u2019un conte mis en sc\u00e8ne par des volontaires de l\u2019ensemble des classes.<\/p>\r\n<p><a href=\"https:\/\/ecolestmichel-laremaudiere.fr\/wp-content\/uploads\/2025\/01\/1000015247-1.jpg\"><img loading=\"lazy\" decoding=\"async\" class=\"aligncenter size-large wp-image-4290\" src=\"https:\/\/ecolestmichel-laremaudiere.fr\/wp-content\/uploads\/2025\/01\/1000015247-1-771x1024.jpg\" alt=\"\" width=\"474\" height=\"630\" srcset=\"https:\/\/ecolestmichel-laremaudiere.fr\/wp-content\/uploads\/2025\/01\/1000015247-1-771x1024.jpg 771w, https:\/\/ecolestmichel-laremaudiere.fr\/wp-content\/uploads\/2025\/01\/1000015247-1-226x300.jpg 226w, https:\/\/ecolestmichel-laremaudiere.fr\/wp-content\/uploads\/2025\/01\/1000015247-1-768x1021.jpg 768w, https:\/\/ecolestmichel-laremaudiere.fr\/wp-content\/uploads\/2025\/01\/1000015247-1-1156x1536.jpg 1156w, https:\/\/ecolestmichel-laremaudiere.fr\/wp-content\/uploads\/2025\/01\/1000015247-1.jpg 1204w\" sizes=\"auto, (max-width: 474px) 100vw, 474px\" \/><\/a><\/p>\r\n<p>Lors de l&rsquo;hom\u00e9lie, le pr\u00eatre a interrog\u00e9 des \u00e9l\u00e8ves de tout \u00e2ge sur leurs connaissances autour de No\u00ebl.<\/p>\r\n\r\n\r\n\r\n<p>A la fin de la c\u00e9l\u00e9bration tous les \u00e9l\u00e8ves ont pu admirer la cr\u00e8che et repartir avec un petit flyer \u00e0 colorier.<\/p>\r\n<p><a href=\"https:\/\/ecolestmichel-laremaudiere.fr\/wp-content\/uploads\/2025\/01\/1000015259-1.jpg\"><img loading=\"lazy\" decoding=\"async\" class=\"aligncenter size-large wp-image-4295\" src=\"https:\/\/ecolestmichel-laremaudiere.fr\/wp-content\/uploads\/2025\/01\/1000015259-1-771x1024.jpg\" alt=\"\" width=\"474\" height=\"630\" srcset=\"https:\/\/ecolestmichel-laremaudiere.fr\/wp-content\/uploads\/2025\/01\/1000015259-1-771x1024.jpg 771w, https:\/\/ecolestmichel-laremaudiere.fr\/wp-content\/uploads\/2025\/01\/1000015259-1-226x300.jpg 226w, https:\/\/ecolestmichel-laremaudiere.fr\/wp-content\/uploads\/2025\/01\/1000015259-1-768x1021.jpg 768w, https:\/\/ecolestmichel-laremaudiere.fr\/wp-content\/uploads\/2025\/01\/1000015259-1-1156x1536.jpg 1156w, https:\/\/ecolestmichel-laremaudiere.fr\/wp-content\/uploads\/2025\/01\/1000015259-1.jpg 1204w\" sizes=\"auto, (max-width: 474px) 100vw, 474px\" \/><\/a><\/p>\r\n","protected":false},"excerpt":{"rendered":"<p>Vendredi 20 d\u00e9cembre toute l\u2019\u00e9cole s\u2019est r\u00e9unie \u00e0 l\u2019\u00e9glise pour c\u00e9l\u00e9brer No\u00ebl avec le p\u00e8re Suijes et les familles.&nbsp;<\/p>\n","protected":false},"author":2,"featured_media":0,"comment_status":"closed","ping_status":"closed","sticky":false,"template":"","format":"standard","meta":{"ngg_post_thumbnail":0,"footnotes":""},"categories":[1],"tags":[],"class_list":["post-4299","post","type-post","status-publish","format-standard","hentry","category-non-classe"],"_links":{"self":[{"href":"https:\/\/ecolestmichel-laremaudiere.fr\/index.php?rest_route=\/wp\/v2\/posts\/4299","targetHints":{"allow":["GET"]}}],"collection":[{"href":"https:\/\/ecolestmichel-laremaudiere.fr\/index.php?rest_route=\/wp\/v2\/posts"}],"about":[{"href":"https:\/\/ecolestmichel-laremaudiere.fr\/index.php?rest_route=\/wp\/v2\/types\/post"}],"author":[{"embeddable":true,"href":"https:\/\/ecolestmichel-laremaudiere.fr\/index.php?rest_route=\/wp\/v2\/users\/2"}],"replies":[{"embeddable":true,"href":"https:\/\/ecolestmichel-laremaudiere.fr\/index.php?rest_route=%2Fwp%2Fv2%2Fcomments&post=4299"}],"version-history":[{"count":3,"href":"https:\/\/ecolestmichel-laremaudiere.fr\/index.php?rest_route=\/wp\/v2\/posts\/4299\/revisions"}],"predecessor-version":[{"id":4313,"href":"https:\/\/ecolestmichel-laremaudiere.fr\/index.php?rest_route=\/wp\/v2\/posts\/4299\/revisions\/4313"}],"wp:attachment":[{"href":"https:\/\/ecolestmichel-laremaudiere.fr\/index.php?rest_route=%2Fwp%2Fv2%2Fmedia&parent=4299"}],"wp:term":[{"taxonomy":"category","embeddable":true,"href":"https:\/\/ecolestmichel-laremaudiere.fr\/index.php?rest_route=%2Fwp%2Fv2%2Fcategories&post=4299"},{"taxonomy":"post_tag","embeddable":true,"href":"https:\/\/ecolestmichel-laremaudiere.fr\/index.php?rest_route=%2Fwp%2Fv2%2Ftags&post=4299"}],"curies":[{"name":"wp","href":"https:\/\/api.w.org\/{rel}","templated":true}]}}