{"id":4085,"date":"2024-03-12T16:02:12","date_gmt":"2024-03-12T15:02:12","guid":{"rendered":"https:\/\/ecolestmichel-laremaudiere.fr\/?p=4085"},"modified":"2024-05-29T16:02:47","modified_gmt":"2024-05-29T15:02:47","slug":"watty-a-lecole","status":"publish","type":"post","link":"https:\/\/ecolestmichel-laremaudiere.fr\/?p=4085","title":{"rendered":"WATTY \u00e0 l&rsquo;\u00e9cole"},"content":{"rendered":"<p>Les deux classes de CE2 CM1 et CE2 CM2 ont particip\u00e9 au programme WATTY \u00e0 l&rsquo;\u00e9cole, en lien avec l&rsquo;objectif du projet p\u00e9dagogique \u00a0\u00bb d\u00e9velopper les actions \u00e9co-responsables\u00a0\u00bb<a href=\"https:\/\/ecolestmichel-laremaudiere.fr\/wp-content\/uploads\/2024\/05\/logo-watty.jpg\"><img loading=\"lazy\" decoding=\"async\" class=\"aligncenter size-full wp-image-4086\" src=\"https:\/\/ecolestmichel-laremaudiere.fr\/wp-content\/uploads\/2024\/05\/logo-watty.jpg\" alt=\"\" width=\"299\" height=\"109\"><\/a><!--more-->Watty \u00e0 l\u2019\u00e9cole, programme p\u00e9dagogique pour la transition \u00e9cologique<\/p>\n<div class=\"elementor-element elementor-element-b2c4c83 elementor-widget elementor-widget-text-editor\" data-id=\"b2c4c83\" data-element_type=\"widget\" data-widget_type=\"text-editor.default\">\n<div class=\"elementor-widget-container\">\n<p><strong>La sensibilisation aux \u00e9conomies d\u2019\u00e9nergie et aux enjeux du changement climatique<\/strong> est essentielle d\u00e8s l\u2019\u00e9cole maternelle et l\u2019\u00e9cole \u00e9l\u00e9mentaire pour <strong>assurer le changement vers des comportements \u00e9co-responsables.<\/strong> Ces futurs citoyens, ambassadeurs des \u00e9cogestes appris dans le cadre scolaire, <strong>facilitent la r\u00e9duction des consommations d\u2019\u00e9nergie \u00e0 l\u2019\u00e9cole et au sein de leur foyer.<\/strong><\/p>\n<p>Changer ses ampoules \u00e9lectriques, consommer moins d\u2019eau, se d\u00e9placer \u00e0 v\u00e9lo, si c\u2019est Watty qui explique aux enfants comment r\u00e9duire leur impact environnemental, \u00e7a change tout.<\/p>\n<p>Chaque classe a b\u00e9n\u00e9fici\u00e9 de la venu d&rsquo;une intervenante sp\u00e9cialis\u00e9e sur plusieurs matin\u00e9e.&nbsp; Elle a anim\u00e9 trois ateliers sur des <span class=\"elementor-icon-list-text\"><b>Th\u00e9matiques vari\u00e9es<\/b> qui abordent les \u00e9cogestes et les enjeux de la transition \u00e9nerg\u00e9tique. <\/span><\/p>\n<p><a href=\"https:\/\/ecolestmichel-laremaudiere.fr\/wp-content\/uploads\/2024\/05\/20231130_093314-scaled.jpg\"><img loading=\"lazy\" decoding=\"async\" class=\"aligncenter size-large wp-image-4087\" src=\"https:\/\/ecolestmichel-laremaudiere.fr\/wp-content\/uploads\/2024\/05\/20231130_093314-1024x485.jpg\" alt=\"\" width=\"474\" height=\"225\" srcset=\"https:\/\/ecolestmichel-laremaudiere.fr\/wp-content\/uploads\/2024\/05\/20231130_093314-1024x485.jpg 1024w, https:\/\/ecolestmichel-laremaudiere.fr\/wp-content\/uploads\/2024\/05\/20231130_093314-300x142.jpg 300w, https:\/\/ecolestmichel-laremaudiere.fr\/wp-content\/uploads\/2024\/05\/20231130_093314-768x363.jpg 768w, https:\/\/ecolestmichel-laremaudiere.fr\/wp-content\/uploads\/2024\/05\/20231130_093314-1536x727.jpg 1536w, https:\/\/ecolestmichel-laremaudiere.fr\/wp-content\/uploads\/2024\/05\/20231130_093314-2048x969.jpg 2048w\" sizes=\"auto, (max-width: 474px) 100vw, 474px\" \/><\/a> <a href=\"https:\/\/ecolestmichel-laremaudiere.fr\/wp-content\/uploads\/2024\/05\/20240321_095408-scaled.jpg\"><img loading=\"lazy\" decoding=\"async\" class=\"aligncenter size-large wp-image-4088\" src=\"https:\/\/ecolestmichel-laremaudiere.fr\/wp-content\/uploads\/2024\/05\/20240321_095408-1024x485.jpg\" alt=\"\" width=\"474\" height=\"225\" srcset=\"https:\/\/ecolestmichel-laremaudiere.fr\/wp-content\/uploads\/2024\/05\/20240321_095408-1024x485.jpg 1024w, https:\/\/ecolestmichel-laremaudiere.fr\/wp-content\/uploads\/2024\/05\/20240321_095408-300x142.jpg 300w, https:\/\/ecolestmichel-laremaudiere.fr\/wp-content\/uploads\/2024\/05\/20240321_095408-768x363.jpg 768w, https:\/\/ecolestmichel-laremaudiere.fr\/wp-content\/uploads\/2024\/05\/20240321_095408-1536x727.jpg 1536w, https:\/\/ecolestmichel-laremaudiere.fr\/wp-content\/uploads\/2024\/05\/20240321_095408-2048x969.jpg 2048w\" sizes=\"auto, (max-width: 474px) 100vw, 474px\" \/><\/a> <a href=\"https:\/\/ecolestmichel-laremaudiere.fr\/wp-content\/uploads\/2024\/05\/20240321_095440-scaled.jpg\"><img loading=\"lazy\" decoding=\"async\" class=\"aligncenter size-large wp-image-4089\" src=\"https:\/\/ecolestmichel-laremaudiere.fr\/wp-content\/uploads\/2024\/05\/20240321_095440-1024x485.jpg\" alt=\"\" width=\"474\" height=\"225\" srcset=\"https:\/\/ecolestmichel-laremaudiere.fr\/wp-content\/uploads\/2024\/05\/20240321_095440-1024x485.jpg 1024w, https:\/\/ecolestmichel-laremaudiere.fr\/wp-content\/uploads\/2024\/05\/20240321_095440-300x142.jpg 300w, https:\/\/ecolestmichel-laremaudiere.fr\/wp-content\/uploads\/2024\/05\/20240321_095440-768x363.jpg 768w, https:\/\/ecolestmichel-laremaudiere.fr\/wp-content\/uploads\/2024\/05\/20240321_095440-1536x727.jpg 1536w, https:\/\/ecolestmichel-laremaudiere.fr\/wp-content\/uploads\/2024\/05\/20240321_095440-2048x969.jpg 2048w\" sizes=\"auto, (max-width: 474px) 100vw, 474px\" \/><\/a><\/p>\n<\/div>\n<\/div>\n<div id=\"sconnect-is-installed\" style=\"display: none;\">2.15.0.0<\/div>\n<div id=\"sconnect-is-installed\" style=\"display: none;\">2.15.0.0<\/div>\n<div id=\"sconnect-is-installed\" style=\"display: none;\">2.15.0.0<\/div>\n","protected":false},"excerpt":{"rendered":"<p>Les deux classes de CE2 CM1 et CE2 CM2 ont particip\u00e9 au programme WATTY \u00e0 l&rsquo;\u00e9cole, en lien avec l&rsquo;objectif du projet p\u00e9dagogique \u00a0\u00bb d\u00e9velopper les actions \u00e9co-responsables\u00a0\u00bb<\/p>\n","protected":false},"author":2,"featured_media":0,"comment_status":"closed","ping_status":"closed","sticky":false,"template":"","format":"standard","meta":{"ngg_post_thumbnail":0,"footnotes":""},"categories":[5],"tags":[],"class_list":["post-4085","post","type-post","status-publish","format-standard","hentry","category-cycle3"],"_links":{"self":[{"href":"https:\/\/ecolestmichel-laremaudiere.fr\/index.php?rest_route=\/wp\/v2\/posts\/4085","targetHints":{"allow":["GET"]}}],"collection":[{"href":"https:\/\/ecolestmichel-laremaudiere.fr\/index.php?rest_route=\/wp\/v2\/posts"}],"about":[{"href":"https:\/\/ecolestmichel-laremaudiere.fr\/index.php?rest_route=\/wp\/v2\/types\/post"}],"author":[{"embeddable":true,"href":"https:\/\/ecolestmichel-laremaudiere.fr\/index.php?rest_route=\/wp\/v2\/users\/2"}],"replies":[{"embeddable":true,"href":"https:\/\/ecolestmichel-laremaudiere.fr\/index.php?rest_route=%2Fwp%2Fv2%2Fcomments&post=4085"}],"version-history":[{"count":3,"href":"https:\/\/ecolestmichel-laremaudiere.fr\/index.php?rest_route=\/wp\/v2\/posts\/4085\/revisions"}],"predecessor-version":[{"id":4092,"href":"https:\/\/ecolestmichel-laremaudiere.fr\/index.php?rest_route=\/wp\/v2\/posts\/4085\/revisions\/4092"}],"wp:attachment":[{"href":"https:\/\/ecolestmichel-laremaudiere.fr\/index.php?rest_route=%2Fwp%2Fv2%2Fmedia&parent=4085"}],"wp:term":[{"taxonomy":"category","embeddable":true,"href":"https:\/\/ecolestmichel-laremaudiere.fr\/index.php?rest_route=%2Fwp%2Fv2%2Fcategories&post=4085"},{"taxonomy":"post_tag","embeddable":true,"href":"https:\/\/ecolestmichel-laremaudiere.fr\/index.php?rest_route=%2Fwp%2Fv2%2Ftags&post=4085"}],"curies":[{"name":"wp","href":"https:\/\/api.w.org\/{rel}","templated":true}]}}