{"id":3546,"date":"2022-09-23T16:31:30","date_gmt":"2022-09-23T15:31:30","guid":{"rendered":"https:\/\/ecolestmichel-laremaudiere.fr\/?p=3546"},"modified":"2022-10-11T17:24:06","modified_gmt":"2022-10-11T16:24:06","slug":"matinee-vendanges-a-lancienne-des-cm1-et-cm2","status":"publish","type":"post","link":"https:\/\/ecolestmichel-laremaudiere.fr\/?p=3546","title":{"rendered":"Matin\u00e9e vendanges \u00e0 l&rsquo;ancienne des CM1 et CM2"},"content":{"rendered":"\r\n<p>Ce vendredi 23 septembre, les \u00e9l\u00e8ves de la classe de CM1 et CM2 se sont rendus au domaine du Clos de la Brev\u00e8re pour une matin\u00e9e vendanges \u00e0 l&rsquo;ancienne.<\/p>\r\n<p><!--more--><\/p>\r\n\r\n\r\n\r\n<p>Nous avons \u00e9t\u00e9 accueillis par Monsieur Petiteau, son \u00e9pouse et des b\u00e9n\u00e9voles pour un temps de vendange \u00e0 la main de diff\u00e9rents c\u00e9pages de raisins blancs et rouges.<\/p>\r\n\r\n\r\n\r\n<p>Apr\u00e8s un bon go\u00fbter, les enfants ont d\u00e9velopp\u00e9 leur sens gustatif lors d&rsquo;un atelier de d\u00e9couverte des raisins de ces diff\u00e9rents c\u00e9pages.<\/p>\r\n\r\n\r\n\r\n<p>Un deuxi\u00e8me atelier \u00e9tait ax\u00e9 sur le mat\u00e9riel et les outils de vendange. Les \u00e9l\u00e8ves ont mieux compris le processus utilis\u00e9 \u00e0 l&rsquo;\u00e9poque pour r\u00e9aliser du jus de raisin puis du vin.<\/p>\r\n\r\n\r\n\r\n<p>Pour cl\u00f4turer cette belle matin\u00e9e, les \u00e9l\u00e8ves ont press\u00e9 le raisin r\u00e9colt\u00e9 puis l&rsquo;on d\u00e9gust\u00e9 !<\/p>\r\n\r\n\r\n\r\n<p>Merci aux organisateurs et aux b\u00e9n\u00e9voles pour cette superbe matin\u00e9e !<\/p>\r\n\r\n\r\n\r\n<figure class=\"wp-block-image size-large\"><img loading=\"lazy\" decoding=\"async\" width=\"1024\" height=\"768\" class=\"wp-image-3543\" src=\"https:\/\/ecolestmichel-laremaudiere.fr\/wp-content\/uploads\/2022\/09\/IMG_20220923_093847-1024x768.jpg\" alt=\"\" srcset=\"https:\/\/ecolestmichel-laremaudiere.fr\/wp-content\/uploads\/2022\/09\/IMG_20220923_093847-1024x768.jpg 1024w, https:\/\/ecolestmichel-laremaudiere.fr\/wp-content\/uploads\/2022\/09\/IMG_20220923_093847-300x225.jpg 300w, https:\/\/ecolestmichel-laremaudiere.fr\/wp-content\/uploads\/2022\/09\/IMG_20220923_093847-768x576.jpg 768w, https:\/\/ecolestmichel-laremaudiere.fr\/wp-content\/uploads\/2022\/09\/IMG_20220923_093847-1536x1152.jpg 1536w, https:\/\/ecolestmichel-laremaudiere.fr\/wp-content\/uploads\/2022\/09\/IMG_20220923_093847.jpg 1920w\" sizes=\"auto, (max-width: 1024px) 100vw, 1024px\" \/><\/figure>\r\n\r\n\r\n\r\n<figure class=\"wp-block-image\"><img loading=\"lazy\" decoding=\"async\" width=\"1024\" height=\"768\" class=\"wp-image-3544\" src=\"https:\/\/ecolestmichel-laremaudiere.fr\/wp-content\/uploads\/2022\/09\/IMG_20220923_110232-1024x768.jpg\" alt=\"\" srcset=\"https:\/\/ecolestmichel-laremaudiere.fr\/wp-content\/uploads\/2022\/09\/IMG_20220923_110232-1024x768.jpg 1024w, https:\/\/ecolestmichel-laremaudiere.fr\/wp-content\/uploads\/2022\/09\/IMG_20220923_110232-300x225.jpg 300w, https:\/\/ecolestmichel-laremaudiere.fr\/wp-content\/uploads\/2022\/09\/IMG_20220923_110232-768x576.jpg 768w, https:\/\/ecolestmichel-laremaudiere.fr\/wp-content\/uploads\/2022\/09\/IMG_20220923_110232-1536x1152.jpg 1536w, https:\/\/ecolestmichel-laremaudiere.fr\/wp-content\/uploads\/2022\/09\/IMG_20220923_110232.jpg 1920w\" sizes=\"auto, (max-width: 1024px) 100vw, 1024px\" \/><\/figure>\r\n\r\n\r\n\r\n<figure class=\"wp-block-image\"><img loading=\"lazy\" decoding=\"async\" width=\"1024\" height=\"768\" class=\"wp-image-3545\" src=\"https:\/\/ecolestmichel-laremaudiere.fr\/wp-content\/uploads\/2022\/09\/IMG_20220923_092353-1024x768.jpg\" alt=\"\" srcset=\"https:\/\/ecolestmichel-laremaudiere.fr\/wp-content\/uploads\/2022\/09\/IMG_20220923_092353-1024x768.jpg 1024w, https:\/\/ecolestmichel-laremaudiere.fr\/wp-content\/uploads\/2022\/09\/IMG_20220923_092353-300x225.jpg 300w, https:\/\/ecolestmichel-laremaudiere.fr\/wp-content\/uploads\/2022\/09\/IMG_20220923_092353-768x576.jpg 768w, https:\/\/ecolestmichel-laremaudiere.fr\/wp-content\/uploads\/2022\/09\/IMG_20220923_092353-1536x1152.jpg 1536w, https:\/\/ecolestmichel-laremaudiere.fr\/wp-content\/uploads\/2022\/09\/IMG_20220923_092353.jpg 1920w\" sizes=\"auto, (max-width: 1024px) 100vw, 1024px\" \/><\/figure>\r\n","protected":false},"excerpt":{"rendered":"<p>Ce vendredi 23 septembre, les \u00e9l\u00e8ves de la classe de CM1 et CM2 se sont rendus au domaine du Clos de la Brev\u00e8re pour une matin\u00e9e vendanges \u00e0 l&rsquo;ancienne.<\/p>\n","protected":false},"author":2,"featured_media":0,"comment_status":"closed","ping_status":"closed","sticky":false,"template":"","format":"standard","meta":{"ngg_post_thumbnail":0,"footnotes":""},"categories":[1],"tags":[],"class_list":["post-3546","post","type-post","status-publish","format-standard","hentry","category-non-classe"],"_links":{"self":[{"href":"https:\/\/ecolestmichel-laremaudiere.fr\/index.php?rest_route=\/wp\/v2\/posts\/3546","targetHints":{"allow":["GET"]}}],"collection":[{"href":"https:\/\/ecolestmichel-laremaudiere.fr\/index.php?rest_route=\/wp\/v2\/posts"}],"about":[{"href":"https:\/\/ecolestmichel-laremaudiere.fr\/index.php?rest_route=\/wp\/v2\/types\/post"}],"author":[{"embeddable":true,"href":"https:\/\/ecolestmichel-laremaudiere.fr\/index.php?rest_route=\/wp\/v2\/users\/2"}],"replies":[{"embeddable":true,"href":"https:\/\/ecolestmichel-laremaudiere.fr\/index.php?rest_route=%2Fwp%2Fv2%2Fcomments&post=3546"}],"version-history":[{"count":2,"href":"https:\/\/ecolestmichel-laremaudiere.fr\/index.php?rest_route=\/wp\/v2\/posts\/3546\/revisions"}],"predecessor-version":[{"id":3575,"href":"https:\/\/ecolestmichel-laremaudiere.fr\/index.php?rest_route=\/wp\/v2\/posts\/3546\/revisions\/3575"}],"wp:attachment":[{"href":"https:\/\/ecolestmichel-laremaudiere.fr\/index.php?rest_route=%2Fwp%2Fv2%2Fmedia&parent=3546"}],"wp:term":[{"taxonomy":"category","embeddable":true,"href":"https:\/\/ecolestmichel-laremaudiere.fr\/index.php?rest_route=%2Fwp%2Fv2%2Fcategories&post=3546"},{"taxonomy":"post_tag","embeddable":true,"href":"https:\/\/ecolestmichel-laremaudiere.fr\/index.php?rest_route=%2Fwp%2Fv2%2Ftags&post=3546"}],"curies":[{"name":"wp","href":"https:\/\/api.w.org\/{rel}","templated":true}]}}