{"id":3537,"date":"2022-09-21T10:33:47","date_gmt":"2022-09-21T09:33:47","guid":{"rendered":"https:\/\/ecolestmichel-laremaudiere.fr\/?p=3537"},"modified":"2022-09-21T10:33:47","modified_gmt":"2022-09-21T09:33:47","slug":"a-lecole-st-michel-ole","status":"publish","type":"post","link":"https:\/\/ecolestmichel-laremaudiere.fr\/?p=3537","title":{"rendered":"A l&rsquo;\u00e9cole St Michel, Ol\u00e9!"},"content":{"rendered":"<p><a href=\"https:\/\/ecolestmichel-laremaudiere.fr\/wp-content\/uploads\/2022\/09\/IMG_20220919_092654.jpg\"><img loading=\"lazy\" decoding=\"async\" class=\"wp-image-3539 alignleft\" src=\"https:\/\/ecolestmichel-laremaudiere.fr\/wp-content\/uploads\/2022\/09\/IMG_20220919_092654.jpg\" alt=\"\" width=\"267\" height=\"198\" srcset=\"https:\/\/ecolestmichel-laremaudiere.fr\/wp-content\/uploads\/2022\/09\/IMG_20220919_092654.jpg 1920w, https:\/\/ecolestmichel-laremaudiere.fr\/wp-content\/uploads\/2022\/09\/IMG_20220919_092654-300x223.jpg 300w, https:\/\/ecolestmichel-laremaudiere.fr\/wp-content\/uploads\/2022\/09\/IMG_20220919_092654-1024x759.jpg 1024w, https:\/\/ecolestmichel-laremaudiere.fr\/wp-content\/uploads\/2022\/09\/IMG_20220919_092654-768x570.jpg 768w, https:\/\/ecolestmichel-laremaudiere.fr\/wp-content\/uploads\/2022\/09\/IMG_20220919_092654-1536x1139.jpg 1536w\" sizes=\"auto, (max-width: 267px) 100vw, 267px\" \/><\/a>Lundi 19 septembre, toute l&rsquo;\u00e9cole s&rsquo;est rassembl\u00e9e sur la grande cour pour se rencontrer, rencontrer les nouveaux \u00e9l\u00e8ves et les nouveaux adultes de l&rsquo;\u00e9cole.<\/p>\n<p><!--more--><\/p>\n<p>Presque toutes les classes cette ann\u00e9e ont accueilli un ou des nouveaux \u00e9l\u00e8ves. Nous avons pu souhaiter aussi la bienvenue \u00e0 Loeiza Ailloux, enseignante sur le RA, et Elisabeth Alves, qui travaille avec les GS\/CE1 le lundi.<\/p>\n<p>Nous nous sommes \u00e9chang\u00e9s nos marque-pages personnalis\u00e9s fabriqu\u00e9s dans les classes, nous avons chant\u00e9 l&rsquo;hymne de l&rsquo;\u00e9cole et nous avons dans\u00e9 sur la chor\u00e9graphie \u00ab\u00a0fil rouge\u00a0\u00bb de la kermesse de l&rsquo;ann\u00e9e derni\u00e8re.<\/p>\n<p>Enfin, nous nous sommes souhait\u00e9 une bonne ann\u00e9e pleine de projets et de bons moments \u00e0 passer ensemble!<\/p>\n","protected":false},"excerpt":{"rendered":"<p>Lundi 19 septembre, toute l&rsquo;\u00e9cole s&rsquo;est rassembl\u00e9e sur la grande cour pour se rencontrer, rencontrer les nouveaux \u00e9l\u00e8ves et les nouveaux adultes de l&rsquo;\u00e9cole.<\/p>\n","protected":false},"author":2,"featured_media":0,"comment_status":"closed","ping_status":"closed","sticky":false,"template":"","format":"standard","meta":{"ngg_post_thumbnail":0,"footnotes":""},"categories":[1],"tags":[],"class_list":["post-3537","post","type-post","status-publish","format-standard","hentry","category-non-classe"],"_links":{"self":[{"href":"https:\/\/ecolestmichel-laremaudiere.fr\/index.php?rest_route=\/wp\/v2\/posts\/3537","targetHints":{"allow":["GET"]}}],"collection":[{"href":"https:\/\/ecolestmichel-laremaudiere.fr\/index.php?rest_route=\/wp\/v2\/posts"}],"about":[{"href":"https:\/\/ecolestmichel-laremaudiere.fr\/index.php?rest_route=\/wp\/v2\/types\/post"}],"author":[{"embeddable":true,"href":"https:\/\/ecolestmichel-laremaudiere.fr\/index.php?rest_route=\/wp\/v2\/users\/2"}],"replies":[{"embeddable":true,"href":"https:\/\/ecolestmichel-laremaudiere.fr\/index.php?rest_route=%2Fwp%2Fv2%2Fcomments&post=3537"}],"version-history":[{"count":3,"href":"https:\/\/ecolestmichel-laremaudiere.fr\/index.php?rest_route=\/wp\/v2\/posts\/3537\/revisions"}],"predecessor-version":[{"id":3541,"href":"https:\/\/ecolestmichel-laremaudiere.fr\/index.php?rest_route=\/wp\/v2\/posts\/3537\/revisions\/3541"}],"wp:attachment":[{"href":"https:\/\/ecolestmichel-laremaudiere.fr\/index.php?rest_route=%2Fwp%2Fv2%2Fmedia&parent=3537"}],"wp:term":[{"taxonomy":"category","embeddable":true,"href":"https:\/\/ecolestmichel-laremaudiere.fr\/index.php?rest_route=%2Fwp%2Fv2%2Fcategories&post=3537"},{"taxonomy":"post_tag","embeddable":true,"href":"https:\/\/ecolestmichel-laremaudiere.fr\/index.php?rest_route=%2Fwp%2Fv2%2Ftags&post=3537"}],"curies":[{"name":"wp","href":"https:\/\/api.w.org\/{rel}","templated":true}]}}