{"id":3413,"date":"2022-05-06T09:52:42","date_gmt":"2022-05-06T08:52:42","guid":{"rendered":"https:\/\/ecolestmichel-laremaudiere.fr\/?p=3413"},"modified":"2022-05-11T22:21:30","modified_gmt":"2022-05-11T21:21:30","slug":"matinee-velo-et-prevention-routiere-du-6-mai-2022","status":"publish","type":"post","link":"https:\/\/ecolestmichel-laremaudiere.fr\/?p=3413","title":{"rendered":"Matin\u00e9e v\u00e9lo et pr\u00e9vention routi\u00e8re du 6 mai 2022"},"content":{"rendered":"\r\n<p>Les \u00e9l\u00e8ves des classes de CM2 et CM1-CE2 ont particip\u00e9 \u00e0 diff\u00e9rents ateliers sur les th\u00e8mes du v\u00e9lo et de la pr\u00e9vention routi\u00e8re :&nbsp; atelier usagers de la route, atelier secourisme, atelier agilit\u00e9, atelier diagnostic v\u00e9lo.<\/p>\r\n<p><!--more--><\/p>\r\n\r\n\r\n\r\n\r\n\r\n<p>Les enfants \u00e9taient r\u00e9partis en 4 groupes tournants en fonction de leur niveau.<\/p>\r\n\r\n\r\n\r\n<p>Dans l&rsquo;atelier usagers de la route, les enfants ont \u00e9t\u00e9 sensibilis\u00e9s par S\u00e9bastien, animateur sportif du d\u00e9partement, aux chiffres des accidents de la circulation et aux diff\u00e9rents am\u00e9nagements mis en place pour am\u00e9liorer la s\u00e9curit\u00e9 de tous.<\/p>\r\n\r\n\r\n\r\n<p>Dans l&rsquo;atelier secourisme, deux sapeurs pompiers volontaires ont initi\u00e9 les enfants aux gestes qui sauvent notamment l&rsquo;appel des secours avec les diff\u00e9rents messages et gestes \u00e0 effectuer.<\/p>\r\n\r\n\r\n\r\n<p>Dans l&rsquo;atelier agilit\u00e9, un b\u00e9n\u00e9vole du club de v\u00e9lo de Vallet a encadr\u00e9 les enfants dans un parcours de slalom \u00e0 v\u00e9lo.<\/p>\r\n\r\n\r\n\r\n<p>Dans l&rsquo;atelier diagnostic v\u00e9lo, un autre b\u00e9n\u00e9vole du club de v\u00e9lo de Vallet a expliqu\u00e9 aux enfants comment contr\u00f4ler et r\u00e9parer leur v\u00e9lo pour rouler en toute s\u00e9curit\u00e9.<\/p>\r\n\r\n\r\n\r\n<p>A la fin de la matin\u00e9e les enfants ont acquis les connaissances et comp\u00e9tences n\u00e9cessaires pour utiliser et circuler avec un v\u00e9lo.<\/p>\r\n\r\n\r\n\r\n<p>Un grand merci \u00e0 tous pour ce beau moment.<\/p>\r\n\r\n\r\n\r\n<p>&nbsp;<\/p>\r\n\r\n\r\n\r\n<figure class=\"wp-block-image size-large\"><img decoding=\"async\" class=\"wp-image-3416\" src=\"https:\/\/ecolestmichel-laremaudiere.fr\/wp-content\/uploads\/2022\/05\/IMG_20220506_095637-768x1024.jpg\" alt=\"\"><\/figure>\r\n\r\n\r\n\r\n<figure class=\"wp-block-image\"><img decoding=\"async\" class=\"wp-image-3417\" src=\"https:\/\/ecolestmichel-laremaudiere.fr\/wp-content\/uploads\/2022\/05\/IMG_20220506_100046.jpg\" alt=\"\"><\/figure>\r\n\r\n\r\n\r\n<figure class=\"wp-block-image size-large\"><img decoding=\"async\" class=\"wp-image-3419\" src=\"https:\/\/ecolestmichel-laremaudiere.fr\/wp-content\/uploads\/2022\/05\/IMG_20220506_100652-1024x768.jpg\" alt=\"\"><\/figure>\r\n\r\n\r\n\r\n<figure class=\"wp-block-image\"><img decoding=\"async\" class=\"wp-image-3418\" src=\"https:\/\/ecolestmichel-laremaudiere.fr\/wp-content\/uploads\/2022\/05\/IMG_20220506_095845.jpg\" alt=\"\"><\/figure>\r\n\r\n<div id=\"sconnect-is-installed\" style=\"display: none;\">&nbsp;<\/div>\r\n<div id=\"sconnect-is-installed\" style=\"display: none;\">&nbsp;<\/div>\r\n<div id=\"sconnect-is-installed\" style=\"display: none;\">&nbsp;<\/div>\r\n<div id=\"sconnect-is-installed\" style=\"display: none;\">&nbsp;<\/div>","protected":false},"excerpt":{"rendered":"<p>Les \u00e9l\u00e8ves des classes de CM2 et CM1-CE2 ont particip\u00e9 \u00e0 diff\u00e9rents ateliers sur les th\u00e8mes du v\u00e9lo et de la pr\u00e9vention routi\u00e8re :&nbsp; atelier usagers de la route, atelier secourisme, atelier agilit\u00e9, atelier diagnostic v\u00e9lo.<\/p>\n","protected":false},"author":2,"featured_media":0,"comment_status":"closed","ping_status":"closed","sticky":false,"template":"","format":"standard","meta":{"ngg_post_thumbnail":0,"footnotes":""},"categories":[5],"tags":[],"class_list":["post-3413","post","type-post","status-publish","format-standard","hentry","category-cycle3"],"_links":{"self":[{"href":"https:\/\/ecolestmichel-laremaudiere.fr\/index.php?rest_route=\/wp\/v2\/posts\/3413","targetHints":{"allow":["GET"]}}],"collection":[{"href":"https:\/\/ecolestmichel-laremaudiere.fr\/index.php?rest_route=\/wp\/v2\/posts"}],"about":[{"href":"https:\/\/ecolestmichel-laremaudiere.fr\/index.php?rest_route=\/wp\/v2\/types\/post"}],"author":[{"embeddable":true,"href":"https:\/\/ecolestmichel-laremaudiere.fr\/index.php?rest_route=\/wp\/v2\/users\/2"}],"replies":[{"embeddable":true,"href":"https:\/\/ecolestmichel-laremaudiere.fr\/index.php?rest_route=%2Fwp%2Fv2%2Fcomments&post=3413"}],"version-history":[{"count":6,"href":"https:\/\/ecolestmichel-laremaudiere.fr\/index.php?rest_route=\/wp\/v2\/posts\/3413\/revisions"}],"predecessor-version":[{"id":3432,"href":"https:\/\/ecolestmichel-laremaudiere.fr\/index.php?rest_route=\/wp\/v2\/posts\/3413\/revisions\/3432"}],"wp:attachment":[{"href":"https:\/\/ecolestmichel-laremaudiere.fr\/index.php?rest_route=%2Fwp%2Fv2%2Fmedia&parent=3413"}],"wp:term":[{"taxonomy":"category","embeddable":true,"href":"https:\/\/ecolestmichel-laremaudiere.fr\/index.php?rest_route=%2Fwp%2Fv2%2Fcategories&post=3413"},{"taxonomy":"post_tag","embeddable":true,"href":"https:\/\/ecolestmichel-laremaudiere.fr\/index.php?rest_route=%2Fwp%2Fv2%2Ftags&post=3413"}],"curies":[{"name":"wp","href":"https:\/\/api.w.org\/{rel}","templated":true}]}}