{"id":3183,"date":"2021-09-30T20:55:19","date_gmt":"2021-09-30T19:55:19","guid":{"rendered":"https:\/\/ecolestmichel-laremaudiere.fr\/?p=3183"},"modified":"2021-09-30T20:56:14","modified_gmt":"2021-09-30T19:56:14","slug":"cross-du-college-notre-dame-du-loroux-bottereau","status":"publish","type":"post","link":"https:\/\/ecolestmichel-laremaudiere.fr\/?p=3183","title":{"rendered":"Cross du coll\u00e8ge Notre Dame Du Loroux Bottereau."},"content":{"rendered":"<p>Le Lundi 27 Septembre, les \u00e9l\u00e8ves de la classe de CM2 de l\u2019\u00e9cole Saint Michel ont particip\u00e9 au cross du coll\u00e8ge, regroupant les CM2 des \u00e9coles du Loroux, de Saint Julien de Concelles , du Landreau, de La Chapelle Basse Mer et de la Remaudi\u00e8re ainsi que tous les coll\u00e9giens de Notre Dame.<!--more--><\/p>\n<p>Il y avait beaucoup de monde autour du stade du Beugnon et dans les vignes.<\/p>\n<p>Les \u00e9l\u00e8ves gar\u00e7ons&nbsp; CM2 de toutes les communes ont couru avec les sixi\u00e8mes Gar\u00e7ons et les filles CM2 ont couru avec les sixi\u00e8mes&nbsp; filles du coll\u00e8ge.<\/p>\n<p>Quelle belle surprise , quelle joie de voir Swa\u00ebli Baron remport\u00e9 la m\u00e9daille d\u2019argent dans sa cat\u00e9gorie . Bravo \u00e0 lui.<\/p>\n<p>Chez les filles une ancienne \u00e9l\u00e8ve Margaux Suteau a elle aussi gagn\u00e9 une m\u00e9daille&nbsp;.<\/p>\n<p>Bravo \u00e0 tous les \u00e9l\u00e8ves, cette ann\u00e9e personne n\u2019a abandonn\u00e9.<\/p>\n<p>L\u2019\u00e9cole du Loroux Bottereau a remport\u00e9 le classement par \u00e9cole et la coupe, l\u2019\u00e9cole Saint Michel est deuxi\u00e8me. Bravo pour cet excellent classement!<a href=\"https:\/\/ecolestmichel-laremaudiere.fr\/wp-content\/uploads\/2021\/09\/Swaeli.jpg\"><img loading=\"lazy\" decoding=\"async\" class=\"size-thumbnail wp-image-3184 aligncenter\" src=\"https:\/\/ecolestmichel-laremaudiere.fr\/wp-content\/uploads\/2021\/09\/Swaeli-150x150.jpg\" alt=\"\" width=\"150\" height=\"150\"><\/a><\/p>\n<div id=\"sconnect-is-installed\" style=\"display: none;\">&nbsp;<\/div>\n<div id=\"sconnect-is-installed\" style=\"display: none;\">&nbsp;<\/div>\n","protected":false},"excerpt":{"rendered":"<p>Le Lundi 27 Septembre, les \u00e9l\u00e8ves de la classe de CM2 de l\u2019\u00e9cole Saint Michel ont particip\u00e9 au cross du coll\u00e8ge, regroupant les CM2 des \u00e9coles du Loroux, de Saint Julien de Concelles , du Landreau, de La Chapelle Basse Mer et de la Remaudi\u00e8re ainsi que tous les coll\u00e9giens de Notre Dame.<\/p>\n","protected":false},"author":2,"featured_media":0,"comment_status":"closed","ping_status":"closed","sticky":false,"template":"","format":"standard","meta":{"ngg_post_thumbnail":0,"footnotes":""},"categories":[5],"tags":[],"class_list":["post-3183","post","type-post","status-publish","format-standard","hentry","category-cycle3"],"_links":{"self":[{"href":"https:\/\/ecolestmichel-laremaudiere.fr\/index.php?rest_route=\/wp\/v2\/posts\/3183","targetHints":{"allow":["GET"]}}],"collection":[{"href":"https:\/\/ecolestmichel-laremaudiere.fr\/index.php?rest_route=\/wp\/v2\/posts"}],"about":[{"href":"https:\/\/ecolestmichel-laremaudiere.fr\/index.php?rest_route=\/wp\/v2\/types\/post"}],"author":[{"embeddable":true,"href":"https:\/\/ecolestmichel-laremaudiere.fr\/index.php?rest_route=\/wp\/v2\/users\/2"}],"replies":[{"embeddable":true,"href":"https:\/\/ecolestmichel-laremaudiere.fr\/index.php?rest_route=%2Fwp%2Fv2%2Fcomments&post=3183"}],"version-history":[{"count":2,"href":"https:\/\/ecolestmichel-laremaudiere.fr\/index.php?rest_route=\/wp\/v2\/posts\/3183\/revisions"}],"predecessor-version":[{"id":3186,"href":"https:\/\/ecolestmichel-laremaudiere.fr\/index.php?rest_route=\/wp\/v2\/posts\/3183\/revisions\/3186"}],"wp:attachment":[{"href":"https:\/\/ecolestmichel-laremaudiere.fr\/index.php?rest_route=%2Fwp%2Fv2%2Fmedia&parent=3183"}],"wp:term":[{"taxonomy":"category","embeddable":true,"href":"https:\/\/ecolestmichel-laremaudiere.fr\/index.php?rest_route=%2Fwp%2Fv2%2Fcategories&post=3183"},{"taxonomy":"post_tag","embeddable":true,"href":"https:\/\/ecolestmichel-laremaudiere.fr\/index.php?rest_route=%2Fwp%2Fv2%2Ftags&post=3183"}],"curies":[{"name":"wp","href":"https:\/\/api.w.org\/{rel}","templated":true}]}}