{"id":2839,"date":"2020-05-01T17:16:42","date_gmt":"2020-05-01T16:16:42","guid":{"rendered":"https:\/\/ecolestmichel-laremaudiere.fr\/?p=2839"},"modified":"2020-05-01T17:16:42","modified_gmt":"2020-05-01T16:16:42","slug":"reprise-progressive-de-lecole-apres-le-12-mai","status":"publish","type":"post","link":"https:\/\/ecolestmichel-laremaudiere.fr\/?p=2839","title":{"rendered":"Reprise progressive de l&rsquo;\u00e9cole apr\u00e8s le 12 mai"},"content":{"rendered":"<p>L&rsquo;\u00e9cole pourrait rouvrir ses portes \u00e0 partir du 12 mai. Nous travaillons en \u00e9quipe \u00e9ducative pour pr\u00e9parer cette ouverture afin de respecter au mieux le cadre r\u00e9glementaire et <strong>assurer une s\u00e9curit\u00e9 sanitaire optimale<\/strong> \u00e0 nos \u00e9l\u00e8ves.<\/p>\n<p>Dans le cadre de la gestion des risques sanitaires, les \u00e9coles de la communaut\u00e9 locale des \u00e9tablissements dont fait partie la Remaudi\u00e8re, ont d\u00e9cid\u00e9 que <strong>les PPS &#8211; PS et MS ne sont pas concern\u00e9s par la reprise<\/strong> jusqu&rsquo;\u00e0 nouvel ordre.<\/p>\n<p>Par mail,&nbsp; les familles (de GS \u00e0 CM2) ont re\u00e7u un lien pour une enqu\u00eate auquel il faut r\u00e9pondre avant le lundi 4 mai \u00e0 10h.<\/p>\n<p>Ensuite les familles seront inform\u00e9es des conditions de r\u00e9ouverture et des possibilit\u00e9s d&rsquo;accueil de leurs enfants.<\/p>\n<p>Les conditions d&rsquo;enseignement seront tr\u00e8s diff\u00e9rentes de ce que nous avions l&rsquo;habitude de vivre avant le confinement. Nous n&rsquo;accueillerons que des petits groupes. Les apprentissages propos\u00e9s aux \u00e9l\u00e8ves \u00e0 l&rsquo;\u00e9cole seront donc les m\u00eames que pour ceux rest\u00e9s \u00e0 la maison.<\/p>\n<p>&nbsp;<\/p>\n<div id=\"sconnect-is-installed\" style=\"display: none;\">&nbsp;<\/div>\n","protected":false},"excerpt":{"rendered":"<p>L&rsquo;\u00e9cole pourrait rouvrir ses portes \u00e0 partir du 12 mai. Nous travaillons en \u00e9quipe \u00e9ducative pour pr\u00e9parer cette ouverture afin de respecter au mieux le cadre r\u00e9glementaire et assurer une s\u00e9curit\u00e9 sanitaire optimale \u00e0 nos \u00e9l\u00e8ves. Dans le cadre de la gestion des risques sanitaires, les \u00e9coles de la communaut\u00e9 locale des \u00e9tablissements dont fait&hellip; <br \/> <a class=\"read-more\" href=\"https:\/\/ecolestmichel-laremaudiere.fr\/?p=2839\">Lire la suite<\/a><\/p>\n","protected":false},"author":2,"featured_media":0,"comment_status":"closed","ping_status":"closed","sticky":false,"template":"","format":"standard","meta":{"ngg_post_thumbnail":0,"footnotes":""},"categories":[1],"tags":[],"class_list":["post-2839","post","type-post","status-publish","format-standard","hentry","category-non-classe"],"_links":{"self":[{"href":"https:\/\/ecolestmichel-laremaudiere.fr\/index.php?rest_route=\/wp\/v2\/posts\/2839","targetHints":{"allow":["GET"]}}],"collection":[{"href":"https:\/\/ecolestmichel-laremaudiere.fr\/index.php?rest_route=\/wp\/v2\/posts"}],"about":[{"href":"https:\/\/ecolestmichel-laremaudiere.fr\/index.php?rest_route=\/wp\/v2\/types\/post"}],"author":[{"embeddable":true,"href":"https:\/\/ecolestmichel-laremaudiere.fr\/index.php?rest_route=\/wp\/v2\/users\/2"}],"replies":[{"embeddable":true,"href":"https:\/\/ecolestmichel-laremaudiere.fr\/index.php?rest_route=%2Fwp%2Fv2%2Fcomments&post=2839"}],"version-history":[{"count":3,"href":"https:\/\/ecolestmichel-laremaudiere.fr\/index.php?rest_route=\/wp\/v2\/posts\/2839\/revisions"}],"predecessor-version":[{"id":2842,"href":"https:\/\/ecolestmichel-laremaudiere.fr\/index.php?rest_route=\/wp\/v2\/posts\/2839\/revisions\/2842"}],"wp:attachment":[{"href":"https:\/\/ecolestmichel-laremaudiere.fr\/index.php?rest_route=%2Fwp%2Fv2%2Fmedia&parent=2839"}],"wp:term":[{"taxonomy":"category","embeddable":true,"href":"https:\/\/ecolestmichel-laremaudiere.fr\/index.php?rest_route=%2Fwp%2Fv2%2Fcategories&post=2839"},{"taxonomy":"post_tag","embeddable":true,"href":"https:\/\/ecolestmichel-laremaudiere.fr\/index.php?rest_route=%2Fwp%2Fv2%2Ftags&post=2839"}],"curies":[{"name":"wp","href":"https:\/\/api.w.org\/{rel}","templated":true}]}}